{"id":1884,"date":"2025-05-29T13:11:41","date_gmt":"2025-05-29T11:11:41","guid":{"rendered":"https:\/\/www.emfesa.es\/emfesa\/?p=1884"},"modified":"2025-05-30T13:21:55","modified_gmt":"2025-05-30T11:21:55","slug":"emfesa-y-la-economia-circular","status":"publish","type":"post","link":"https:\/\/www.emfesa.es\/emfesa\/emfesa-y-la-economia-circular\/","title":{"rendered":"Emfesa y la econom\u00eda circular"},"content":{"rendered":"\n<p>Emfesa ha adoptado varias soluciones de econom\u00eda circular centradas en la gesti\u00f3n sostenible de los residuos generados por la infraestructura ferroviaria espa\u00f1ola. Estas soluciones se basan en los siguientes ejes:<\/p>\n\n\n\n<ul class=\"wp-block-list\">\n<li><strong>Sistema de gesti\u00f3n \u201cresiduo 0\u201d<br><\/strong>Emfesa aplica un sistema que busca evitar la eliminaci\u00f3n de residuos, promoviendo siempre la reutilizaci\u00f3n y el reciclaje de los materiales. El objetivo es que todo el volumen de residuos generado encuentre una segunda vida \u00fatil, minimizando as\u00ed el impacto ambiental de sus operaciones<\/li>\n\n\n\n<li><strong>Control exhaustivo de residuos y consumos<\/strong><br>La empresa mantiene un seguimiento detallado tanto de los residuos producidos como de su tratamiento y destino final. Se identifican anualmente todos los aspectos e impactos ambientales derivados de la actividad, y se proponen acciones espec\u00edficas para controlar los m\u00e1s significativos.<\/li>\n\n\n\n<li><strong>Consumo responsable y reducci\u00f3n de residuos<\/strong><br>Emfesa ha desarrollado objetivos ambientales orientados a reducir el consumo de recursos y la generaci\u00f3n de residuos, fomentando la econom\u00eda circular y la sostenibilidad en todos sus procesos.<\/li>\n\n\n\n<li><strong>Certificaci\u00f3n ambiental<\/strong><br>Dispone de un Sistema Integrado de Gesti\u00f3n certificado bajo la norma UNE \u2013 EN ISO 14001:2015, lo que avala su compromiso con la mejora continua en materia ambiental y de econom\u00eda circular.<\/li>\n\n\n\n<li><strong>Transparencia y participaci\u00f3n<\/strong><br>Emfesa pone a disposici\u00f3n de las partes interesadas informaci\u00f3n sobre sus indicadores y desempe\u00f1o ambiental, e invita a la sociedad a realizar sugerencias para mejorar la gesti\u00f3n ambiental y la sostenibilidad.<\/li>\n\n\n\n<li><strong>Alineaci\u00f3n con los Objetivos de Desarrollo Sostenible (ODS)<\/strong><br>La filosof\u00eda corporativa de Emfesa incluye el impulso de los ODS, promoviendo el m\u00e1ximo respeto por el medioambiente y la pr\u00e1ctica de la econom\u00eda circular como parte de su misi\u00f3n y valores.<\/li>\n<\/ul>\n\n\n\n<p>En resumen, Emfesa est\u00e1 implementando soluciones de econom\u00eda circular que priorizan la reutilizaci\u00f3n y el reciclaje, el control y reducci\u00f3n de residuos, la transparencia y la mejora<\/p>\n\n\n\n<p><\/p>\n","protected":false},"excerpt":{"rendered":"<p>Emfesa ha adoptado varias soluciones de econom\u00eda circular centradas en la gesti\u00f3n sostenible de los residuos generados por la infraestructura ferroviaria espa\u00f1ola. Estas soluciones se basan en los siguientes ejes: En resumen, Emfesa est\u00e1 implementando soluciones de econom\u00eda circular que priorizan la reutilizaci\u00f3n y el reciclaje, el control y reducci\u00f3n de residuos, la transparencia y [&hellip;]<\/p>\n","protected":false},"author":1,"featured_media":1889,"comment_status":"closed","ping_status":"closed","sticky":false,"template":"","format":"standard","meta":{"_eb_attr":"","_uag_custom_page_level_css":"","footnotes":""},"categories":[6],"tags":[],"class_list":["post-1884","post","type-post","status-publish","format-standard","has-post-thumbnail","hentry","category-medio-ambiente"],"yoast_head":"<!-- This site is optimized with the Yoast SEO plugin v23.6 - https:\/\/yoast.com\/wordpress\/plugins\/seo\/ -->\n<title>Emfesa y la econom\u00eda circular - Web oficial de Emfesa<\/title>\n<meta name=\"robots\" content=\"index, follow, max-snippet:-1, max-image-preview:large, max-video-preview:-1\" \/>\n<link rel=\"canonical\" href=\"https:\/\/www.emfesa.es\/emfesa\/emfesa-y-la-economia-circular\/\" \/>\n<meta property=\"og:locale\" content=\"es_ES\" \/>\n<meta property=\"og:type\" content=\"article\" \/>\n<meta property=\"og:title\" content=\"Emfesa y la econom\u00eda circular - Web oficial de Emfesa\" \/>\n<meta property=\"og:description\" content=\"Emfesa ha adoptado varias soluciones de econom\u00eda circular centradas en la gesti\u00f3n sostenible de los residuos generados por la infraestructura ferroviaria espa\u00f1ola. Estas soluciones se basan en los siguientes ejes: En resumen, Emfesa est\u00e1 implementando soluciones de econom\u00eda circular que priorizan la reutilizaci\u00f3n y el reciclaje, el control y reducci\u00f3n de residuos, la transparencia y [&hellip;]\" \/>\n<meta property=\"og:url\" content=\"https:\/\/www.emfesa.es\/emfesa\/emfesa-y-la-economia-circular\/\" \/>\n<meta property=\"og:site_name\" content=\"Web oficial de Emfesa\" \/>\n<meta property=\"article:published_time\" content=\"2025-05-29T11:11:41+00:00\" \/>\n<meta property=\"article:modified_time\" content=\"2025-05-30T11:21:55+00:00\" \/>\n<meta property=\"og:image\" content=\"https:\/\/www.emfesa.es\/emfesa\/wp-content\/uploads\/2025\/05\/economia-circular.jpg\" \/>\n\t<meta property=\"og:image:width\" content=\"1200\" \/>\n\t<meta property=\"og:image:height\" content=\"800\" \/>\n\t<meta property=\"og:image:type\" content=\"image\/jpeg\" \/>\n<meta name=\"author\" content=\"emfesadmin\" \/>\n<meta name=\"twitter:card\" content=\"summary_large_image\" \/>\n<meta name=\"twitter:label1\" content=\"Escrito por\" \/>\n\t<meta name=\"twitter:data1\" content=\"emfesadmin\" \/>\n\t<meta name=\"twitter:label2\" content=\"Tiempo de lectura\" \/>\n\t<meta name=\"twitter:data2\" content=\"2 minutos\" \/>\n<script type=\"application\/ld+json\" class=\"yoast-schema-graph\">{\"@context\":\"https:\/\/schema.org\",\"@graph\":[{\"@type\":\"WebPage\",\"@id\":\"https:\/\/www.emfesa.es\/emfesa\/emfesa-y-la-economia-circular\/\",\"url\":\"https:\/\/www.emfesa.es\/emfesa\/emfesa-y-la-economia-circular\/\",\"name\":\"Emfesa y la econom\u00eda circular - Web oficial de Emfesa\",\"isPartOf\":{\"@id\":\"https:\/\/www.emfesa.es\/emfesa\/#website\"},\"primaryImageOfPage\":{\"@id\":\"https:\/\/www.emfesa.es\/emfesa\/emfesa-y-la-economia-circular\/#primaryimage\"},\"image\":{\"@id\":\"https:\/\/www.emfesa.es\/emfesa\/emfesa-y-la-economia-circular\/#primaryimage\"},\"thumbnailUrl\":\"https:\/\/www.emfesa.es\/emfesa\/wp-content\/uploads\/2025\/05\/economia-circular.jpg\",\"datePublished\":\"2025-05-29T11:11:41+00:00\",\"dateModified\":\"2025-05-30T11:21:55+00:00\",\"author\":{\"@id\":\"https:\/\/www.emfesa.es\/emfesa\/#\/schema\/person\/711760aa8abc2812c6b31939723fabeb\"},\"breadcrumb\":{\"@id\":\"https:\/\/www.emfesa.es\/emfesa\/emfesa-y-la-economia-circular\/#breadcrumb\"},\"inLanguage\":\"es\",\"potentialAction\":[{\"@type\":\"ReadAction\",\"target\":[\"https:\/\/www.emfesa.es\/emfesa\/emfesa-y-la-economia-circular\/\"]}]},{\"@type\":\"ImageObject\",\"inLanguage\":\"es\",\"@id\":\"https:\/\/www.emfesa.es\/emfesa\/emfesa-y-la-economia-circular\/#primaryimage\",\"url\":\"https:\/\/www.emfesa.es\/emfesa\/wp-content\/uploads\/2025\/05\/economia-circular.jpg\",\"contentUrl\":\"https:\/\/www.emfesa.es\/emfesa\/wp-content\/uploads\/2025\/05\/economia-circular.jpg\",\"width\":1200,\"height\":800,\"caption\":\"Econom\u00eda circular\"},{\"@type\":\"BreadcrumbList\",\"@id\":\"https:\/\/www.emfesa.es\/emfesa\/emfesa-y-la-economia-circular\/#breadcrumb\",\"itemListElement\":[{\"@type\":\"ListItem\",\"position\":1,\"name\":\"Portada\",\"item\":\"https:\/\/www.emfesa.es\/emfesa\/\"},{\"@type\":\"ListItem\",\"position\":2,\"name\":\"Emfesa y la econom\u00eda circular\"}]},{\"@type\":\"WebSite\",\"@id\":\"https:\/\/www.emfesa.es\/emfesa\/#website\",\"url\":\"https:\/\/www.emfesa.es\/emfesa\/\",\"name\":\"Web oficial de Emfesa\",\"description\":\"\",\"potentialAction\":[{\"@type\":\"SearchAction\",\"target\":{\"@type\":\"EntryPoint\",\"urlTemplate\":\"https:\/\/www.emfesa.es\/emfesa\/?s={search_term_string}\"},\"query-input\":{\"@type\":\"PropertyValueSpecification\",\"valueRequired\":true,\"valueName\":\"search_term_string\"}}],\"inLanguage\":\"es\"},{\"@type\":\"Person\",\"@id\":\"https:\/\/www.emfesa.es\/emfesa\/#\/schema\/person\/711760aa8abc2812c6b31939723fabeb\",\"name\":\"emfesadmin\",\"image\":{\"@type\":\"ImageObject\",\"inLanguage\":\"es\",\"@id\":\"https:\/\/www.emfesa.es\/emfesa\/#\/schema\/person\/image\/\",\"url\":\"https:\/\/secure.gravatar.com\/avatar\/729ae85bf62b9917e93538db2f2688ca?s=96&d=mm&r=g\",\"contentUrl\":\"https:\/\/secure.gravatar.com\/avatar\/729ae85bf62b9917e93538db2f2688ca?s=96&d=mm&r=g\",\"caption\":\"emfesadmin\"},\"sameAs\":[\"http:\/\/localhost\/emfesa\/\"],\"url\":\"https:\/\/www.emfesa.es\/emfesa\/author\/emfesadmin\/\"}]}<\/script>\n<!-- \/ Yoast SEO plugin. -->","yoast_head_json":{"title":"Emfesa y la econom\u00eda circular - Web oficial de Emfesa","robots":{"index":"index","follow":"follow","max-snippet":"max-snippet:-1","max-image-preview":"max-image-preview:large","max-video-preview":"max-video-preview:-1"},"canonical":"https:\/\/www.emfesa.es\/emfesa\/emfesa-y-la-economia-circular\/","og_locale":"es_ES","og_type":"article","og_title":"Emfesa y la econom\u00eda circular - Web oficial de Emfesa","og_description":"Emfesa ha adoptado varias soluciones de econom\u00eda circular centradas en la gesti\u00f3n sostenible de los residuos generados por la infraestructura ferroviaria espa\u00f1ola. Estas soluciones se basan en los siguientes ejes: En resumen, Emfesa est\u00e1 implementando soluciones de econom\u00eda circular que priorizan la reutilizaci\u00f3n y el reciclaje, el control y reducci\u00f3n de residuos, la transparencia y [&hellip;]","og_url":"https:\/\/www.emfesa.es\/emfesa\/emfesa-y-la-economia-circular\/","og_site_name":"Web oficial de Emfesa","article_published_time":"2025-05-29T11:11:41+00:00","article_modified_time":"2025-05-30T11:21:55+00:00","og_image":[{"width":1200,"height":800,"url":"https:\/\/www.emfesa.es\/emfesa\/wp-content\/uploads\/2025\/05\/economia-circular.jpg","type":"image\/jpeg"}],"author":"emfesadmin","twitter_card":"summary_large_image","twitter_misc":{"Escrito por":"emfesadmin","Tiempo de lectura":"2 minutos"},"schema":{"@context":"https:\/\/schema.org","@graph":[{"@type":"WebPage","@id":"https:\/\/www.emfesa.es\/emfesa\/emfesa-y-la-economia-circular\/","url":"https:\/\/www.emfesa.es\/emfesa\/emfesa-y-la-economia-circular\/","name":"Emfesa y la econom\u00eda circular - Web oficial de Emfesa","isPartOf":{"@id":"https:\/\/www.emfesa.es\/emfesa\/#website"},"primaryImageOfPage":{"@id":"https:\/\/www.emfesa.es\/emfesa\/emfesa-y-la-economia-circular\/#primaryimage"},"image":{"@id":"https:\/\/www.emfesa.es\/emfesa\/emfesa-y-la-economia-circular\/#primaryimage"},"thumbnailUrl":"https:\/\/www.emfesa.es\/emfesa\/wp-content\/uploads\/2025\/05\/economia-circular.jpg","datePublished":"2025-05-29T11:11:41+00:00","dateModified":"2025-05-30T11:21:55+00:00","author":{"@id":"https:\/\/www.emfesa.es\/emfesa\/#\/schema\/person\/711760aa8abc2812c6b31939723fabeb"},"breadcrumb":{"@id":"https:\/\/www.emfesa.es\/emfesa\/emfesa-y-la-economia-circular\/#breadcrumb"},"inLanguage":"es","potentialAction":[{"@type":"ReadAction","target":["https:\/\/www.emfesa.es\/emfesa\/emfesa-y-la-economia-circular\/"]}]},{"@type":"ImageObject","inLanguage":"es","@id":"https:\/\/www.emfesa.es\/emfesa\/emfesa-y-la-economia-circular\/#primaryimage","url":"https:\/\/www.emfesa.es\/emfesa\/wp-content\/uploads\/2025\/05\/economia-circular.jpg","contentUrl":"https:\/\/www.emfesa.es\/emfesa\/wp-content\/uploads\/2025\/05\/economia-circular.jpg","width":1200,"height":800,"caption":"Econom\u00eda circular"},{"@type":"BreadcrumbList","@id":"https:\/\/www.emfesa.es\/emfesa\/emfesa-y-la-economia-circular\/#breadcrumb","itemListElement":[{"@type":"ListItem","position":1,"name":"Portada","item":"https:\/\/www.emfesa.es\/emfesa\/"},{"@type":"ListItem","position":2,"name":"Emfesa y la econom\u00eda circular"}]},{"@type":"WebSite","@id":"https:\/\/www.emfesa.es\/emfesa\/#website","url":"https:\/\/www.emfesa.es\/emfesa\/","name":"Web oficial de Emfesa","description":"","potentialAction":[{"@type":"SearchAction","target":{"@type":"EntryPoint","urlTemplate":"https:\/\/www.emfesa.es\/emfesa\/?s={search_term_string}"},"query-input":{"@type":"PropertyValueSpecification","valueRequired":true,"valueName":"search_term_string"}}],"inLanguage":"es"},{"@type":"Person","@id":"https:\/\/www.emfesa.es\/emfesa\/#\/schema\/person\/711760aa8abc2812c6b31939723fabeb","name":"emfesadmin","image":{"@type":"ImageObject","inLanguage":"es","@id":"https:\/\/www.emfesa.es\/emfesa\/#\/schema\/person\/image\/","url":"https:\/\/secure.gravatar.com\/avatar\/729ae85bf62b9917e93538db2f2688ca?s=96&d=mm&r=g","contentUrl":"https:\/\/secure.gravatar.com\/avatar\/729ae85bf62b9917e93538db2f2688ca?s=96&d=mm&r=g","caption":"emfesadmin"},"sameAs":["http:\/\/localhost\/emfesa\/"],"url":"https:\/\/www.emfesa.es\/emfesa\/author\/emfesadmin\/"}]}},"uagb_featured_image_src":{"full":["https:\/\/www.emfesa.es\/emfesa\/wp-content\/uploads\/2025\/05\/economia-circular.jpg",1200,800,false],"thumbnail":["https:\/\/www.emfesa.es\/emfesa\/wp-content\/uploads\/2025\/05\/economia-circular-150x150.jpg",150,150,true],"medium":["https:\/\/www.emfesa.es\/emfesa\/wp-content\/uploads\/2025\/05\/economia-circular-300x200.jpg",300,200,true],"medium_large":["https:\/\/www.emfesa.es\/emfesa\/wp-content\/uploads\/2025\/05\/economia-circular-768x512.jpg",768,512,true],"large":["https:\/\/www.emfesa.es\/emfesa\/wp-content\/uploads\/2025\/05\/economia-circular-1024x683.jpg",1024,683,true],"1536x1536":["https:\/\/www.emfesa.es\/emfesa\/wp-content\/uploads\/2025\/05\/economia-circular.jpg",1200,800,false],"2048x2048":["https:\/\/www.emfesa.es\/emfesa\/wp-content\/uploads\/2025\/05\/economia-circular.jpg",1200,800,false]},"uagb_author_info":{"display_name":"emfesadmin","author_link":"https:\/\/www.emfesa.es\/emfesa\/author\/emfesadmin\/"},"uagb_comment_info":0,"uagb_excerpt":"Emfesa ha adoptado varias soluciones de econom\u00eda circular centradas en la gesti\u00f3n sostenible de los residuos generados por la infraestructura ferroviaria espa\u00f1ola. Estas soluciones se basan en los siguientes ejes: En resumen, Emfesa est\u00e1 implementando soluciones de econom\u00eda circular que priorizan la reutilizaci\u00f3n y el reciclaje, el control y reducci\u00f3n de residuos, la transparencia y&hellip;","_links":{"self":[{"href":"https:\/\/www.emfesa.es\/emfesa\/wp-json\/wp\/v2\/posts\/1884"}],"collection":[{"href":"https:\/\/www.emfesa.es\/emfesa\/wp-json\/wp\/v2\/posts"}],"about":[{"href":"https:\/\/www.emfesa.es\/emfesa\/wp-json\/wp\/v2\/types\/post"}],"author":[{"embeddable":true,"href":"https:\/\/www.emfesa.es\/emfesa\/wp-json\/wp\/v2\/users\/1"}],"replies":[{"embeddable":true,"href":"https:\/\/www.emfesa.es\/emfesa\/wp-json\/wp\/v2\/comments?post=1884"}],"version-history":[{"count":3,"href":"https:\/\/www.emfesa.es\/emfesa\/wp-json\/wp\/v2\/posts\/1884\/revisions"}],"predecessor-version":[{"id":2614,"href":"https:\/\/www.emfesa.es\/emfesa\/wp-json\/wp\/v2\/posts\/1884\/revisions\/2614"}],"wp:featuredmedia":[{"embeddable":true,"href":"https:\/\/www.emfesa.es\/emfesa\/wp-json\/wp\/v2\/media\/1889"}],"wp:attachment":[{"href":"https:\/\/www.emfesa.es\/emfesa\/wp-json\/wp\/v2\/media?parent=1884"}],"wp:term":[{"taxonomy":"category","embeddable":true,"href":"https:\/\/www.emfesa.es\/emfesa\/wp-json\/wp\/v2\/categories?post=1884"},{"taxonomy":"post_tag","embeddable":true,"href":"https:\/\/www.emfesa.es\/emfesa\/wp-json\/wp\/v2\/tags?post=1884"}],"curies":[{"name":"wp","href":"https:\/\/api.w.org\/{rel}","templated":true}]}}