{"id":1893,"date":"2025-05-29T13:24:23","date_gmt":"2025-05-29T11:24:23","guid":{"rendered":"https:\/\/www.emfesa.es\/emfesa\/?p=1893"},"modified":"2025-05-30T13:23:07","modified_gmt":"2025-05-30T11:23:07","slug":"emfesa-intensifica-la-retirada-de-residuos-en-vertederos-ilegales-junto-a-la-red-ferroviaria-mejorando-el-entorno-y-la-imagen-de-adif","status":"publish","type":"post","link":"https:\/\/www.emfesa.es\/emfesa\/emfesa-intensifica-la-retirada-de-residuos-en-vertederos-ilegales-junto-a-la-red-ferroviaria-mejorando-el-entorno-y-la-imagen-de-adif\/","title":{"rendered":"Emfesa intensifica la retirada de residuos en vertederos ilegales junto a la red ferroviaria, mejorando el entorno y la imagen de Adif"},"content":{"rendered":"\n<p>La proliferaci\u00f3n de vertederos ilegales y acumulaciones de residuos de terceros en las inmediaciones de la infraestructura ferroviaria y sus caminos de acceso es un problema creciente que afecta tanto al medio ambiente como a la imagen del sector ferroviario. Aunque Adif y Emfesa no son responsables directos de estos vertidos, s\u00ed asumen la responsabilidad de actuar para mantener la limpieza, la seguridad y la adecuaci\u00f3n paisaj\u00edstica de los entornos ferroviarios, en l\u00ednea con su compromiso con la sostenibilidad y la gesti\u00f3n ambiental responsable.<\/p>\n\n\n\n<p>Emfesa, como empresa especializada en la gesti\u00f3n de residuos y servicios auxiliares para el sector ferroviario, desarrolla de manera continua campa\u00f1as de identificaci\u00f3n, retirada y correcta gesti\u00f3n de residuos depositados ilegalmente en zonas pr\u00f3ximas a las v\u00edas y caminos de acceso. Estas actuaciones incluyen la localizaci\u00f3n de puntos cr\u00edticos, la planificaci\u00f3n de operativos de limpieza y la prevenci\u00f3n en la reincidencia de los vertidos.<\/p>\n\n\n\n<p>La intervenci\u00f3n de Emfesa va m\u00e1s all\u00e1 de la simple recogida de residuos. El proceso comienza con una inspecci\u00f3n detallada de las \u00e1reas afectadas, donde se identifican los tipos de residuos presentes, que suelen incluir escombros de construcci\u00f3n, neum\u00e1ticos, pl\u00e1sticos, electrodom\u00e9sticos y restos vegetales, entre otros. Posteriormente, se procede a la retirada selectiva y segura de los materiales, asegurando su transporte a gestores autorizados para su reciclaje o eliminaci\u00f3n conforme a la normativa vigente.<\/p>\n\n\n\n<p>Una vez limpia la zona, Emfesa realiza labores de adecuaci\u00f3n paisaj\u00edstica, restaurando el entorno para devolverle su estado original o, incluso, mejorarlo. Esta labor es fundamental no solo para preservar el medio ambiente y la biodiversidad local, sino tambi\u00e9n para proteger la imagen y reputaci\u00f3n de Adif, que a menudo se ve perjudicada por la presencia de estos vertidos, pese a no ser la entidad responsable de su origen.<\/p>\n\n\n\n<p>Gracias a estas iniciativas, Emfesa contribuye de manera decisiva a la mejora del entorno ferroviario, promoviendo la econom\u00eda circular, la responsabilidad ambiental y la colaboraci\u00f3n ciudadana. Asimismo, estas actuaciones refuerzan la confianza de la sociedad en Adif y en la gesti\u00f3n p\u00fablica del ferrocarril, demostrando que la protecci\u00f3n del entorno es una prioridad compartida por todos los agentes implicados.<\/p>\n","protected":false},"excerpt":{"rendered":"<p>La proliferaci\u00f3n de vertederos ilegales y acumulaciones de residuos de terceros en las inmediaciones de la infraestructura ferroviaria y sus caminos de acceso es un problema creciente que afecta tanto al medio ambiente como a la imagen del sector ferroviario. Aunque Adif y Emfesa no son responsables directos de estos vertidos, s\u00ed asumen la responsabilidad [&hellip;]<\/p>\n","protected":false},"author":1,"featured_media":544,"comment_status":"closed","ping_status":"closed","sticky":false,"template":"","format":"standard","meta":{"_eb_attr":"","_uag_custom_page_level_css":"","footnotes":""},"categories":[6],"tags":[],"class_list":["post-1893","post","type-post","status-publish","format-standard","has-post-thumbnail","hentry","category-medio-ambiente"],"yoast_head":"<!-- This site is optimized with the Yoast SEO plugin v23.6 - https:\/\/yoast.com\/wordpress\/plugins\/seo\/ -->\n<title>Emfesa intensifica la retirada de residuos en vertederos ilegales junto a la red ferroviaria, mejorando el entorno y la imagen de Adif - Web oficial de Emfesa<\/title>\n<meta name=\"robots\" content=\"index, follow, max-snippet:-1, max-image-preview:large, max-video-preview:-1\" \/>\n<link rel=\"canonical\" href=\"https:\/\/www.emfesa.es\/emfesa\/emfesa-intensifica-la-retirada-de-residuos-en-vertederos-ilegales-junto-a-la-red-ferroviaria-mejorando-el-entorno-y-la-imagen-de-adif\/\" \/>\n<meta property=\"og:locale\" content=\"es_ES\" \/>\n<meta property=\"og:type\" content=\"article\" \/>\n<meta property=\"og:title\" content=\"Emfesa intensifica la retirada de residuos en vertederos ilegales junto a la red ferroviaria, mejorando el entorno y la imagen de Adif - Web oficial de Emfesa\" \/>\n<meta property=\"og:description\" content=\"La proliferaci\u00f3n de vertederos ilegales y acumulaciones de residuos de terceros en las inmediaciones de la infraestructura ferroviaria y sus caminos de acceso es un problema creciente que afecta tanto al medio ambiente como a la imagen del sector ferroviario. Aunque Adif y Emfesa no son responsables directos de estos vertidos, s\u00ed asumen la responsabilidad [&hellip;]\" \/>\n<meta property=\"og:url\" content=\"https:\/\/www.emfesa.es\/emfesa\/emfesa-intensifica-la-retirada-de-residuos-en-vertederos-ilegales-junto-a-la-red-ferroviaria-mejorando-el-entorno-y-la-imagen-de-adif\/\" \/>\n<meta property=\"og:site_name\" content=\"Web oficial de Emfesa\" \/>\n<meta property=\"article:published_time\" content=\"2025-05-29T11:24:23+00:00\" \/>\n<meta property=\"article:modified_time\" content=\"2025-05-30T11:23:07+00:00\" \/>\n<meta property=\"og:image\" content=\"https:\/\/www.emfesa.es\/emfesa\/wp-content\/uploads\/2024\/10\/RECOGIDA-Y-CARGA-CAMION-BASURA.jpg\" \/>\n\t<meta property=\"og:image:width\" content=\"1400\" \/>\n\t<meta property=\"og:image:height\" content=\"1050\" \/>\n\t<meta property=\"og:image:type\" content=\"image\/jpeg\" \/>\n<meta name=\"author\" content=\"emfesadmin\" \/>\n<meta name=\"twitter:card\" content=\"summary_large_image\" \/>\n<meta name=\"twitter:label1\" content=\"Escrito por\" \/>\n\t<meta name=\"twitter:data1\" content=\"emfesadmin\" \/>\n\t<meta name=\"twitter:label2\" content=\"Tiempo de lectura\" \/>\n\t<meta name=\"twitter:data2\" content=\"2 minutos\" \/>\n<script type=\"application\/ld+json\" class=\"yoast-schema-graph\">{\"@context\":\"https:\/\/schema.org\",\"@graph\":[{\"@type\":\"WebPage\",\"@id\":\"https:\/\/www.emfesa.es\/emfesa\/emfesa-intensifica-la-retirada-de-residuos-en-vertederos-ilegales-junto-a-la-red-ferroviaria-mejorando-el-entorno-y-la-imagen-de-adif\/\",\"url\":\"https:\/\/www.emfesa.es\/emfesa\/emfesa-intensifica-la-retirada-de-residuos-en-vertederos-ilegales-junto-a-la-red-ferroviaria-mejorando-el-entorno-y-la-imagen-de-adif\/\",\"name\":\"Emfesa intensifica la retirada de residuos en vertederos ilegales junto a la red ferroviaria, mejorando el entorno y la imagen de Adif - Web oficial de Emfesa\",\"isPartOf\":{\"@id\":\"https:\/\/www.emfesa.es\/emfesa\/#website\"},\"primaryImageOfPage\":{\"@id\":\"https:\/\/www.emfesa.es\/emfesa\/emfesa-intensifica-la-retirada-de-residuos-en-vertederos-ilegales-junto-a-la-red-ferroviaria-mejorando-el-entorno-y-la-imagen-de-adif\/#primaryimage\"},\"image\":{\"@id\":\"https:\/\/www.emfesa.es\/emfesa\/emfesa-intensifica-la-retirada-de-residuos-en-vertederos-ilegales-junto-a-la-red-ferroviaria-mejorando-el-entorno-y-la-imagen-de-adif\/#primaryimage\"},\"thumbnailUrl\":\"https:\/\/www.emfesa.es\/emfesa\/wp-content\/uploads\/2024\/10\/RECOGIDA-Y-CARGA-CAMION-BASURA.jpg\",\"datePublished\":\"2025-05-29T11:24:23+00:00\",\"dateModified\":\"2025-05-30T11:23:07+00:00\",\"author\":{\"@id\":\"https:\/\/www.emfesa.es\/emfesa\/#\/schema\/person\/711760aa8abc2812c6b31939723fabeb\"},\"breadcrumb\":{\"@id\":\"https:\/\/www.emfesa.es\/emfesa\/emfesa-intensifica-la-retirada-de-residuos-en-vertederos-ilegales-junto-a-la-red-ferroviaria-mejorando-el-entorno-y-la-imagen-de-adif\/#breadcrumb\"},\"inLanguage\":\"es\",\"potentialAction\":[{\"@type\":\"ReadAction\",\"target\":[\"https:\/\/www.emfesa.es\/emfesa\/emfesa-intensifica-la-retirada-de-residuos-en-vertederos-ilegales-junto-a-la-red-ferroviaria-mejorando-el-entorno-y-la-imagen-de-adif\/\"]}]},{\"@type\":\"ImageObject\",\"inLanguage\":\"es\",\"@id\":\"https:\/\/www.emfesa.es\/emfesa\/emfesa-intensifica-la-retirada-de-residuos-en-vertederos-ilegales-junto-a-la-red-ferroviaria-mejorando-el-entorno-y-la-imagen-de-adif\/#primaryimage\",\"url\":\"https:\/\/www.emfesa.es\/emfesa\/wp-content\/uploads\/2024\/10\/RECOGIDA-Y-CARGA-CAMION-BASURA.jpg\",\"contentUrl\":\"https:\/\/www.emfesa.es\/emfesa\/wp-content\/uploads\/2024\/10\/RECOGIDA-Y-CARGA-CAMION-BASURA.jpg\",\"width\":1400,\"height\":1050},{\"@type\":\"BreadcrumbList\",\"@id\":\"https:\/\/www.emfesa.es\/emfesa\/emfesa-intensifica-la-retirada-de-residuos-en-vertederos-ilegales-junto-a-la-red-ferroviaria-mejorando-el-entorno-y-la-imagen-de-adif\/#breadcrumb\",\"itemListElement\":[{\"@type\":\"ListItem\",\"position\":1,\"name\":\"Portada\",\"item\":\"https:\/\/www.emfesa.es\/emfesa\/\"},{\"@type\":\"ListItem\",\"position\":2,\"name\":\"Emfesa intensifica la retirada de residuos en vertederos ilegales junto a la red ferroviaria, mejorando el entorno y la imagen de Adif\"}]},{\"@type\":\"WebSite\",\"@id\":\"https:\/\/www.emfesa.es\/emfesa\/#website\",\"url\":\"https:\/\/www.emfesa.es\/emfesa\/\",\"name\":\"Web oficial de Emfesa\",\"description\":\"\",\"potentialAction\":[{\"@type\":\"SearchAction\",\"target\":{\"@type\":\"EntryPoint\",\"urlTemplate\":\"https:\/\/www.emfesa.es\/emfesa\/?s={search_term_string}\"},\"query-input\":{\"@type\":\"PropertyValueSpecification\",\"valueRequired\":true,\"valueName\":\"search_term_string\"}}],\"inLanguage\":\"es\"},{\"@type\":\"Person\",\"@id\":\"https:\/\/www.emfesa.es\/emfesa\/#\/schema\/person\/711760aa8abc2812c6b31939723fabeb\",\"name\":\"emfesadmin\",\"image\":{\"@type\":\"ImageObject\",\"inLanguage\":\"es\",\"@id\":\"https:\/\/www.emfesa.es\/emfesa\/#\/schema\/person\/image\/\",\"url\":\"https:\/\/secure.gravatar.com\/avatar\/729ae85bf62b9917e93538db2f2688ca?s=96&d=mm&r=g\",\"contentUrl\":\"https:\/\/secure.gravatar.com\/avatar\/729ae85bf62b9917e93538db2f2688ca?s=96&d=mm&r=g\",\"caption\":\"emfesadmin\"},\"sameAs\":[\"http:\/\/localhost\/emfesa\/\"],\"url\":\"https:\/\/www.emfesa.es\/emfesa\/author\/emfesadmin\/\"}]}<\/script>\n<!-- \/ Yoast SEO plugin. -->","yoast_head_json":{"title":"Emfesa intensifica la retirada de residuos en vertederos ilegales junto a la red ferroviaria, mejorando el entorno y la imagen de Adif - Web oficial de Emfesa","robots":{"index":"index","follow":"follow","max-snippet":"max-snippet:-1","max-image-preview":"max-image-preview:large","max-video-preview":"max-video-preview:-1"},"canonical":"https:\/\/www.emfesa.es\/emfesa\/emfesa-intensifica-la-retirada-de-residuos-en-vertederos-ilegales-junto-a-la-red-ferroviaria-mejorando-el-entorno-y-la-imagen-de-adif\/","og_locale":"es_ES","og_type":"article","og_title":"Emfesa intensifica la retirada de residuos en vertederos ilegales junto a la red ferroviaria, mejorando el entorno y la imagen de Adif - Web oficial de Emfesa","og_description":"La proliferaci\u00f3n de vertederos ilegales y acumulaciones de residuos de terceros en las inmediaciones de la infraestructura ferroviaria y sus caminos de acceso es un problema creciente que afecta tanto al medio ambiente como a la imagen del sector ferroviario. Aunque Adif y Emfesa no son responsables directos de estos vertidos, s\u00ed asumen la responsabilidad [&hellip;]","og_url":"https:\/\/www.emfesa.es\/emfesa\/emfesa-intensifica-la-retirada-de-residuos-en-vertederos-ilegales-junto-a-la-red-ferroviaria-mejorando-el-entorno-y-la-imagen-de-adif\/","og_site_name":"Web oficial de Emfesa","article_published_time":"2025-05-29T11:24:23+00:00","article_modified_time":"2025-05-30T11:23:07+00:00","og_image":[{"width":1400,"height":1050,"url":"https:\/\/www.emfesa.es\/emfesa\/wp-content\/uploads\/2024\/10\/RECOGIDA-Y-CARGA-CAMION-BASURA.jpg","type":"image\/jpeg"}],"author":"emfesadmin","twitter_card":"summary_large_image","twitter_misc":{"Escrito por":"emfesadmin","Tiempo de lectura":"2 minutos"},"schema":{"@context":"https:\/\/schema.org","@graph":[{"@type":"WebPage","@id":"https:\/\/www.emfesa.es\/emfesa\/emfesa-intensifica-la-retirada-de-residuos-en-vertederos-ilegales-junto-a-la-red-ferroviaria-mejorando-el-entorno-y-la-imagen-de-adif\/","url":"https:\/\/www.emfesa.es\/emfesa\/emfesa-intensifica-la-retirada-de-residuos-en-vertederos-ilegales-junto-a-la-red-ferroviaria-mejorando-el-entorno-y-la-imagen-de-adif\/","name":"Emfesa intensifica la retirada de residuos en vertederos ilegales junto a la red ferroviaria, mejorando el entorno y la imagen de Adif - Web oficial de Emfesa","isPartOf":{"@id":"https:\/\/www.emfesa.es\/emfesa\/#website"},"primaryImageOfPage":{"@id":"https:\/\/www.emfesa.es\/emfesa\/emfesa-intensifica-la-retirada-de-residuos-en-vertederos-ilegales-junto-a-la-red-ferroviaria-mejorando-el-entorno-y-la-imagen-de-adif\/#primaryimage"},"image":{"@id":"https:\/\/www.emfesa.es\/emfesa\/emfesa-intensifica-la-retirada-de-residuos-en-vertederos-ilegales-junto-a-la-red-ferroviaria-mejorando-el-entorno-y-la-imagen-de-adif\/#primaryimage"},"thumbnailUrl":"https:\/\/www.emfesa.es\/emfesa\/wp-content\/uploads\/2024\/10\/RECOGIDA-Y-CARGA-CAMION-BASURA.jpg","datePublished":"2025-05-29T11:24:23+00:00","dateModified":"2025-05-30T11:23:07+00:00","author":{"@id":"https:\/\/www.emfesa.es\/emfesa\/#\/schema\/person\/711760aa8abc2812c6b31939723fabeb"},"breadcrumb":{"@id":"https:\/\/www.emfesa.es\/emfesa\/emfesa-intensifica-la-retirada-de-residuos-en-vertederos-ilegales-junto-a-la-red-ferroviaria-mejorando-el-entorno-y-la-imagen-de-adif\/#breadcrumb"},"inLanguage":"es","potentialAction":[{"@type":"ReadAction","target":["https:\/\/www.emfesa.es\/emfesa\/emfesa-intensifica-la-retirada-de-residuos-en-vertederos-ilegales-junto-a-la-red-ferroviaria-mejorando-el-entorno-y-la-imagen-de-adif\/"]}]},{"@type":"ImageObject","inLanguage":"es","@id":"https:\/\/www.emfesa.es\/emfesa\/emfesa-intensifica-la-retirada-de-residuos-en-vertederos-ilegales-junto-a-la-red-ferroviaria-mejorando-el-entorno-y-la-imagen-de-adif\/#primaryimage","url":"https:\/\/www.emfesa.es\/emfesa\/wp-content\/uploads\/2024\/10\/RECOGIDA-Y-CARGA-CAMION-BASURA.jpg","contentUrl":"https:\/\/www.emfesa.es\/emfesa\/wp-content\/uploads\/2024\/10\/RECOGIDA-Y-CARGA-CAMION-BASURA.jpg","width":1400,"height":1050},{"@type":"BreadcrumbList","@id":"https:\/\/www.emfesa.es\/emfesa\/emfesa-intensifica-la-retirada-de-residuos-en-vertederos-ilegales-junto-a-la-red-ferroviaria-mejorando-el-entorno-y-la-imagen-de-adif\/#breadcrumb","itemListElement":[{"@type":"ListItem","position":1,"name":"Portada","item":"https:\/\/www.emfesa.es\/emfesa\/"},{"@type":"ListItem","position":2,"name":"Emfesa intensifica la retirada de residuos en vertederos ilegales junto a la red ferroviaria, mejorando el entorno y la imagen de Adif"}]},{"@type":"WebSite","@id":"https:\/\/www.emfesa.es\/emfesa\/#website","url":"https:\/\/www.emfesa.es\/emfesa\/","name":"Web oficial de Emfesa","description":"","potentialAction":[{"@type":"SearchAction","target":{"@type":"EntryPoint","urlTemplate":"https:\/\/www.emfesa.es\/emfesa\/?s={search_term_string}"},"query-input":{"@type":"PropertyValueSpecification","valueRequired":true,"valueName":"search_term_string"}}],"inLanguage":"es"},{"@type":"Person","@id":"https:\/\/www.emfesa.es\/emfesa\/#\/schema\/person\/711760aa8abc2812c6b31939723fabeb","name":"emfesadmin","image":{"@type":"ImageObject","inLanguage":"es","@id":"https:\/\/www.emfesa.es\/emfesa\/#\/schema\/person\/image\/","url":"https:\/\/secure.gravatar.com\/avatar\/729ae85bf62b9917e93538db2f2688ca?s=96&d=mm&r=g","contentUrl":"https:\/\/secure.gravatar.com\/avatar\/729ae85bf62b9917e93538db2f2688ca?s=96&d=mm&r=g","caption":"emfesadmin"},"sameAs":["http:\/\/localhost\/emfesa\/"],"url":"https:\/\/www.emfesa.es\/emfesa\/author\/emfesadmin\/"}]}},"uagb_featured_image_src":{"full":["https:\/\/www.emfesa.es\/emfesa\/wp-content\/uploads\/2024\/10\/RECOGIDA-Y-CARGA-CAMION-BASURA.jpg",1400,1050,false],"thumbnail":["https:\/\/www.emfesa.es\/emfesa\/wp-content\/uploads\/2024\/10\/RECOGIDA-Y-CARGA-CAMION-BASURA-150x150.jpg",150,150,true],"medium":["https:\/\/www.emfesa.es\/emfesa\/wp-content\/uploads\/2024\/10\/RECOGIDA-Y-CARGA-CAMION-BASURA-300x225.jpg",300,225,true],"medium_large":["https:\/\/www.emfesa.es\/emfesa\/wp-content\/uploads\/2024\/10\/RECOGIDA-Y-CARGA-CAMION-BASURA-768x576.jpg",768,576,true],"large":["https:\/\/www.emfesa.es\/emfesa\/wp-content\/uploads\/2024\/10\/RECOGIDA-Y-CARGA-CAMION-BASURA-1024x768.jpg",1024,768,true],"1536x1536":["https:\/\/www.emfesa.es\/emfesa\/wp-content\/uploads\/2024\/10\/RECOGIDA-Y-CARGA-CAMION-BASURA.jpg",1400,1050,false],"2048x2048":["https:\/\/www.emfesa.es\/emfesa\/wp-content\/uploads\/2024\/10\/RECOGIDA-Y-CARGA-CAMION-BASURA.jpg",1400,1050,false]},"uagb_author_info":{"display_name":"emfesadmin","author_link":"https:\/\/www.emfesa.es\/emfesa\/author\/emfesadmin\/"},"uagb_comment_info":0,"uagb_excerpt":"La proliferaci\u00f3n de vertederos ilegales y acumulaciones de residuos de terceros en las inmediaciones de la infraestructura ferroviaria y sus caminos de acceso es un problema creciente que afecta tanto al medio ambiente como a la imagen del sector ferroviario. Aunque Adif y Emfesa no son responsables directos de estos vertidos, s\u00ed asumen la responsabilidad&hellip;","_links":{"self":[{"href":"https:\/\/www.emfesa.es\/emfesa\/wp-json\/wp\/v2\/posts\/1893"}],"collection":[{"href":"https:\/\/www.emfesa.es\/emfesa\/wp-json\/wp\/v2\/posts"}],"about":[{"href":"https:\/\/www.emfesa.es\/emfesa\/wp-json\/wp\/v2\/types\/post"}],"author":[{"embeddable":true,"href":"https:\/\/www.emfesa.es\/emfesa\/wp-json\/wp\/v2\/users\/1"}],"replies":[{"embeddable":true,"href":"https:\/\/www.emfesa.es\/emfesa\/wp-json\/wp\/v2\/comments?post=1893"}],"version-history":[{"count":1,"href":"https:\/\/www.emfesa.es\/emfesa\/wp-json\/wp\/v2\/posts\/1893\/revisions"}],"predecessor-version":[{"id":1894,"href":"https:\/\/www.emfesa.es\/emfesa\/wp-json\/wp\/v2\/posts\/1893\/revisions\/1894"}],"wp:featuredmedia":[{"embeddable":true,"href":"https:\/\/www.emfesa.es\/emfesa\/wp-json\/wp\/v2\/media\/544"}],"wp:attachment":[{"href":"https:\/\/www.emfesa.es\/emfesa\/wp-json\/wp\/v2\/media?parent=1893"}],"wp:term":[{"taxonomy":"category","embeddable":true,"href":"https:\/\/www.emfesa.es\/emfesa\/wp-json\/wp\/v2\/categories?post=1893"},{"taxonomy":"post_tag","embeddable":true,"href":"https:\/\/www.emfesa.es\/emfesa\/wp-json\/wp\/v2\/tags?post=1893"}],"curies":[{"name":"wp","href":"https:\/\/api.w.org\/{rel}","templated":true}]}}